{"id":977,"date":"2020-06-12T20:55:20","date_gmt":"2020-06-12T19:55:20","guid":{"rendered":"http:\/\/residenciajesan.com\/wordpress\/?p=977"},"modified":"2020-06-12T20:55:20","modified_gmt":"2020-06-12T19:55:20","slug":"programas-radio-espacio-2020-4","status":"publish","type":"post","link":"https:\/\/residenciajesan.com\/wordpress\/programas-radio-espacio-2020-4\/","title":{"rendered":"Programas Radio Espacio 2020"},"content":{"rendered":"\n<p>Entrevista a Jos\u00e9 Antonio S\u00e1nchez Mart\u00edn, Neuropsic\u00f3logo y geront\u00f3logo colaborador en Residencia Jes\u00e1n. Abril 2020.<\/p>\n\n\n\n<figure class=\"wp-block-embed-youtube wp-block-embed is-type-video is-provider-youtube wp-embed-aspect-16-9 wp-has-aspect-ratio\"><div class=\"wp-block-embed__wrapper\">\n<iframe loading=\"lazy\" title=\"Entrevista a Jos\u00e9 Antonio S\u00e1nchez Mart\u00edn, Neuropsic\u00f3logo y geront\u00f3logo colaborador. Residencia Jes\u00e1n\" width=\"700\" height=\"394\" src=\"https:\/\/www.youtube.com\/embed\/ARBKEURT8Q8?feature=oembed\" frameborder=\"0\" allow=\"accelerometer; autoplay; encrypted-media; gyroscope; picture-in-picture\" allowfullscreen><\/iframe>\n<\/div><\/figure>\n","protected":false},"excerpt":{"rendered":"<p>Entrevista a Jos\u00e9 Antonio S\u00e1nchez Mart\u00edn, Neuropsic\u00f3logo y geront\u00f3logo colaborador en Residencia Jes\u00e1n. Abril 2020.<\/p>\n","protected":false},"author":2,"featured_media":0,"comment_status":"closed","ping_status":"closed","sticky":false,"template":"","format":"standard","meta":{"footnotes":""},"categories":[19],"tags":[],"class_list":["post-977","post","type-post","status-publish","format-standard","hentry","category-entrevistas-de-radio"],"_links":{"self":[{"href":"https:\/\/residenciajesan.com\/wordpress\/wp-json\/wp\/v2\/posts\/977","targetHints":{"allow":["GET"]}}],"collection":[{"href":"https:\/\/residenciajesan.com\/wordpress\/wp-json\/wp\/v2\/posts"}],"about":[{"href":"https:\/\/residenciajesan.com\/wordpress\/wp-json\/wp\/v2\/types\/post"}],"author":[{"embeddable":true,"href":"https:\/\/residenciajesan.com\/wordpress\/wp-json\/wp\/v2\/users\/2"}],"replies":[{"embeddable":true,"href":"https:\/\/residenciajesan.com\/wordpress\/wp-json\/wp\/v2\/comments?post=977"}],"version-history":[{"count":1,"href":"https:\/\/residenciajesan.com\/wordpress\/wp-json\/wp\/v2\/posts\/977\/revisions"}],"predecessor-version":[{"id":984,"href":"https:\/\/residenciajesan.com\/wordpress\/wp-json\/wp\/v2\/posts\/977\/revisions\/984"}],"wp:attachment":[{"href":"https:\/\/residenciajesan.com\/wordpress\/wp-json\/wp\/v2\/media?parent=977"}],"wp:term":[{"taxonomy":"category","embeddable":true,"href":"https:\/\/residenciajesan.com\/wordpress\/wp-json\/wp\/v2\/categories?post=977"},{"taxonomy":"post_tag","embeddable":true,"href":"https:\/\/residenciajesan.com\/wordpress\/wp-json\/wp\/v2\/tags?post=977"}],"curies":[{"name":"wp","href":"https:\/\/api.w.org\/{rel}","templated":true}]}}