{"id":979,"date":"2020-06-12T20:25:16","date_gmt":"2020-06-12T19:25:16","guid":{"rendered":"http:\/\/residenciajesan.com\/wordpress\/?p=979"},"modified":"2020-06-12T20:26:49","modified_gmt":"2020-06-12T19:26:49","slug":"gracias-al-ayuntamiento-de-penarandilla-coronavirus","status":"publish","type":"post","link":"https:\/\/residenciajesan.com\/wordpress\/gracias-al-ayuntamiento-de-penarandilla-coronavirus\/","title":{"rendered":"Gracias al Ayuntamiento de Pe\u00f1arandilla &#8211; Coronavirus"},"content":{"rendered":"\n<p>Gracias al Ayuntamiento de Pe\u00f1arandilla por la donaci\u00f3n de 100 mascarillas de protecci\u00f3n individual realizadas por habitantes. \u00a1Gracias de parte de todo el equipo de Residencia Jes\u00e1n!<\/p>\n\n\n\n<div class=\"wp-block-image\"><figure class=\"aligncenter size-large\"><img loading=\"lazy\" decoding=\"async\" width=\"500\" height=\"334\" src=\"http:\/\/residenciajesan.com\/wordpress\/wp-content\/uploads\/2020\/06\/Pe\u00f1arandilla_Casa_Consistorial.jpg\" alt=\"\" class=\"wp-image-980\" srcset=\"https:\/\/residenciajesan.com\/wordpress\/wp-content\/uploads\/2020\/06\/Pe\u00f1arandilla_Casa_Consistorial.jpg 500w, https:\/\/residenciajesan.com\/wordpress\/wp-content\/uploads\/2020\/06\/Pe\u00f1arandilla_Casa_Consistorial-300x200.jpg 300w\" sizes=\"auto, (max-width: 500px) 100vw, 500px\" \/><\/figure><\/div>\n","protected":false},"excerpt":{"rendered":"<p>Gracias al Ayuntamiento de Pe\u00f1arandilla por la donaci\u00f3n de 100 mascarillas de protecci\u00f3n individual realizadas por habitantes. \u00a1Gracias de parte de todo el equipo de Residencia Jes\u00e1n!<\/p>\n","protected":false},"author":2,"featured_media":0,"comment_status":"closed","ping_status":"closed","sticky":false,"template":"","format":"standard","meta":{"footnotes":""},"categories":[43],"tags":[],"class_list":["post-979","post","type-post","status-publish","format-standard","hentry","category-coronavirus-agradecimientos"],"_links":{"self":[{"href":"https:\/\/residenciajesan.com\/wordpress\/wp-json\/wp\/v2\/posts\/979","targetHints":{"allow":["GET"]}}],"collection":[{"href":"https:\/\/residenciajesan.com\/wordpress\/wp-json\/wp\/v2\/posts"}],"about":[{"href":"https:\/\/residenciajesan.com\/wordpress\/wp-json\/wp\/v2\/types\/post"}],"author":[{"embeddable":true,"href":"https:\/\/residenciajesan.com\/wordpress\/wp-json\/wp\/v2\/users\/2"}],"replies":[{"embeddable":true,"href":"https:\/\/residenciajesan.com\/wordpress\/wp-json\/wp\/v2\/comments?post=979"}],"version-history":[{"count":2,"href":"https:\/\/residenciajesan.com\/wordpress\/wp-json\/wp\/v2\/posts\/979\/revisions"}],"predecessor-version":[{"id":982,"href":"https:\/\/residenciajesan.com\/wordpress\/wp-json\/wp\/v2\/posts\/979\/revisions\/982"}],"wp:attachment":[{"href":"https:\/\/residenciajesan.com\/wordpress\/wp-json\/wp\/v2\/media?parent=979"}],"wp:term":[{"taxonomy":"category","embeddable":true,"href":"https:\/\/residenciajesan.com\/wordpress\/wp-json\/wp\/v2\/categories?post=979"},{"taxonomy":"post_tag","embeddable":true,"href":"https:\/\/residenciajesan.com\/wordpress\/wp-json\/wp\/v2\/tags?post=979"}],"curies":[{"name":"wp","href":"https:\/\/api.w.org\/{rel}","templated":true}]}}