{"id":985,"date":"2020-06-12T21:33:40","date_gmt":"2020-06-12T20:33:40","guid":{"rendered":"http:\/\/residenciajesan.com\/wordpress\/?p=985"},"modified":"2020-06-12T21:33:40","modified_gmt":"2020-06-12T20:33:40","slug":"gracias-a-medicos-sin-fronteras","status":"publish","type":"post","link":"https:\/\/residenciajesan.com\/wordpress\/gracias-a-medicos-sin-fronteras\/","title":{"rendered":"Gracias a M\u00e9dicos Sin Fronteras"},"content":{"rendered":"\n<p>Gracias a M\u00e9dicos Sin Fronteras por la formaci\u00f3n recibida sobre el COVID-19 basada en su experiencia contra otras pandemias como el \u00c9bola.<\/p>\n\n\n\n<figure class=\"wp-block-image size-large\"><img loading=\"lazy\" decoding=\"async\" width=\"717\" height=\"568\" src=\"http:\/\/residenciajesan.com\/wordpress\/wp-content\/uploads\/2020\/06\/New-Project-2.jpg\" alt=\"\" class=\"wp-image-986\" srcset=\"https:\/\/residenciajesan.com\/wordpress\/wp-content\/uploads\/2020\/06\/New-Project-2.jpg 717w, https:\/\/residenciajesan.com\/wordpress\/wp-content\/uploads\/2020\/06\/New-Project-2-300x238.jpg 300w, https:\/\/residenciajesan.com\/wordpress\/wp-content\/uploads\/2020\/06\/New-Project-2-700x555.jpg 700w, https:\/\/residenciajesan.com\/wordpress\/wp-content\/uploads\/2020\/06\/New-Project-2-505x400.jpg 505w\" sizes=\"auto, (max-width: 717px) 100vw, 717px\" \/><\/figure>\n\n\n\n<p><\/p>\n","protected":false},"excerpt":{"rendered":"<p>Gracias a M\u00e9dicos Sin Fronteras por la formaci\u00f3n recibida sobre el COVID-19 basada en su experiencia contra otras pandemias como el \u00c9bola.<\/p>\n","protected":false},"author":2,"featured_media":0,"comment_status":"closed","ping_status":"closed","sticky":false,"template":"","format":"standard","meta":{"footnotes":""},"categories":[43],"tags":[],"class_list":["post-985","post","type-post","status-publish","format-standard","hentry","category-coronavirus-agradecimientos"],"_links":{"self":[{"href":"https:\/\/residenciajesan.com\/wordpress\/wp-json\/wp\/v2\/posts\/985","targetHints":{"allow":["GET"]}}],"collection":[{"href":"https:\/\/residenciajesan.com\/wordpress\/wp-json\/wp\/v2\/posts"}],"about":[{"href":"https:\/\/residenciajesan.com\/wordpress\/wp-json\/wp\/v2\/types\/post"}],"author":[{"embeddable":true,"href":"https:\/\/residenciajesan.com\/wordpress\/wp-json\/wp\/v2\/users\/2"}],"replies":[{"embeddable":true,"href":"https:\/\/residenciajesan.com\/wordpress\/wp-json\/wp\/v2\/comments?post=985"}],"version-history":[{"count":1,"href":"https:\/\/residenciajesan.com\/wordpress\/wp-json\/wp\/v2\/posts\/985\/revisions"}],"predecessor-version":[{"id":987,"href":"https:\/\/residenciajesan.com\/wordpress\/wp-json\/wp\/v2\/posts\/985\/revisions\/987"}],"wp:attachment":[{"href":"https:\/\/residenciajesan.com\/wordpress\/wp-json\/wp\/v2\/media?parent=985"}],"wp:term":[{"taxonomy":"category","embeddable":true,"href":"https:\/\/residenciajesan.com\/wordpress\/wp-json\/wp\/v2\/categories?post=985"},{"taxonomy":"post_tag","embeddable":true,"href":"https:\/\/residenciajesan.com\/wordpress\/wp-json\/wp\/v2\/tags?post=985"}],"curies":[{"name":"wp","href":"https:\/\/api.w.org\/{rel}","templated":true}]}}